{"id":1488,"date":"2022-11-14T01:24:32","date_gmt":"2022-11-14T01:24:32","guid":{"rendered":"https:\/\/donner.ca\/news\/annonce-du-jury-du-25e-prix-donner\/"},"modified":"2023-04-18T15:43:31","modified_gmt":"2023-04-18T15:43:31","slug":"annonce-du-jury-du-25e-prix-donner","status":"publish","type":"news","link":"https:\/\/donner.ca\/fr\/news\/annonce-du-jury-du-25e-prix-donner\/","title":{"rendered":"Annonce du jury du 25e Prix Donner"},"content":{"rendered":"<p>Gregory Belton, pr\u00e9sident du conseil d&rsquo;administration de la Fondation canadienne Donner, a annonc\u00e9 aujourd&rsquo;hui la composition du jury du 25e <a href=\"https:\/\/donnerbookprize.com\/francais\/\">Prix Donner<\/a> annuel, le prix d\u00e9cern\u00e9 au meilleur livre de politique publique r\u00e9dig\u00e9 par un Canadien ou une Canadienne. Il a fait remarquer qu\u2019 \u00ab au cours de cette ann\u00e9e anniversaire sp\u00e9ciale, nous sommes honor\u00e9s qu&rsquo;un groupe aussi illustre de personnes apporte son exp\u00e9rience et ses connaissances \u00e0 la t\u00e2che de s\u00e9lectionner la liste restreinte du 25e prix Donner et la personne laur\u00e9ate \u00e9ventuelle. \u00bb<\/p>\n<p><img decoding=\"async\" class=\"alignnone size-medium wp-image-1230\" src=\"https:\/\/donner.ca\/wp-content\/uploads\/Homeslider_25years_1903x700_v5FRE.jpg\" alt=\"\" width=\"800\" height=\"500\" \/><\/p>\n<p>Avec le d\u00e9part \u00e0 la retraite de l&rsquo;ancien pr\u00e9sident du jury, David Dodge, Louise Fr\u00e9chette assume la pr\u00e9sidence. Fr\u00e9chette a \u00e9t\u00e9 secr\u00e9taire g\u00e9n\u00e9rale adjointe des Nations Unies de 1998 \u00e0 2006. Elle a r\u00e9cemment termin\u00e9 un mandat de pr\u00e9sidente de Care International et si\u00e8ge actuellement au conseil d&rsquo;administration de la Global Leadership Foundation.<\/p>\n<p>La nouvelle membre du jury cette ann\u00e9e est Maureen O&rsquo;Neil, pr\u00e9sidente du conseil d&rsquo;administration de WaterAid International et membre des conseils d&rsquo;administration du Centre pour l&rsquo;innovation dans la gouvernance internationale et du Centre pour l&rsquo;\u00e9tude des niveaux de vie.<\/p>\n<p>Jack Mintz, membre du pr\u00e9sident de l&rsquo;\u00c9cole de politique publique de l&rsquo;Universit\u00e9 de Calgary, se joint \u00e9galement au jury apr\u00e8s avoir \u00e9t\u00e9 pr\u00e9sident Palmer et directeur fondateur de l&rsquo;\u00c9cole de 2008 \u00e0 2015. Le livre de 2001 de Mintz, Most Favored Nation, a \u00e9t\u00e9 s\u00e9lectionn\u00e9 pour le Prix \u200b\u200bDonner.<\/p>\n<p>Parmi les jur\u00e9s de retour figurent Jean-Marie Dufour, O.C., O.Q., titulaire de la chaire William Dow d&rsquo;\u00e9conomie \u00e0 l&rsquo;Universit\u00e9 McGill, Karen Restoule, PDG de Shared Value Solutions, une soci\u00e9t\u00e9 d&rsquo;experts-conseils en d\u00e9veloppement environnemental et communautaire qui soutient les communaut\u00e9s autochtones, et le Dr Frederick Wien, professeur \u00e9m\u00e9rite \u00e0 l&rsquo;Universit\u00e9 Dalhousie et ancien directeur adjoint de la recherche \u00e0 la Commission royale sur les peuples autochtones.<\/p>\n<p>La fondation est reconnaissante aux jur\u00e9s sortants David Dodge et Brenda Eaton pour leurs contributions au prix Donner au cours de leurs ann\u00e9es de service.<\/p>\n<p>La Fondation canadienne Donner, l&rsquo;une des plus anciennes fondations du Canada, a cr\u00e9\u00e9 le Prix pour encourager et honorer les meilleurs travaux de r\u00e9flexion, d&rsquo;\u00e9criture et de recherche sur les politiques publiques de Canadiens et Canadiennes , ainsi que le r\u00f4le qu&rsquo;il joue dans la d\u00e9termination du bien-\u00eatre des Canadiens et Canadiennes.<\/p>\n<p>La liste restreinte sera annonc\u00e9e au printemps 2023 et la personne laur\u00e9ate sera annonc\u00e9e en mai 2023.<\/p>\n","protected":false},"featured_media":0,"template":"","class_list":["post-1488","news","type-news","status-publish","hentry"],"acf":[],"yoast_head":"<!-- This site is optimized with the Yoast SEO plugin v27.4 - https:\/\/yoast.com\/product\/yoast-seo-wordpress\/ -->\n<title>Annonce du jury du 25e Prix Donner - Donner Canadian Foundation<\/title>\n<meta name=\"description\" content=\"Gregory Belton, pr\u00e9sident du conseil d&#039;administration de la Fondation canadienne Donner, a annonc\u00e9 aujourd&#039;hui la composition du jury du 25e Prix Donner annuel.\" \/>\n<meta name=\"robots\" content=\"index, follow, max-snippet:-1, max-image-preview:large, max-video-preview:-1\" \/>\n<link rel=\"canonical\" href=\"https:\/\/donner.ca\/fr\/news\/annonce-du-jury-du-25e-prix-donner\/\" \/>\n<meta property=\"og:locale\" content=\"fr_FR\" \/>\n<meta property=\"og:type\" content=\"article\" \/>\n<meta property=\"og:title\" content=\"Annonce du jury du 25e Prix Donner - Donner Canadian Foundation\" \/>\n<meta property=\"og:description\" content=\"Gregory Belton, pr\u00e9sident du conseil d&#039;administration de la Fondation canadienne Donner, a annonc\u00e9 aujourd&#039;hui la composition du jury du 25e Prix Donner annuel.\" \/>\n<meta property=\"og:url\" content=\"https:\/\/donner.ca\/fr\/news\/annonce-du-jury-du-25e-prix-donner\/\" \/>\n<meta property=\"og:site_name\" content=\"Donner Canadian Foundation\" \/>\n<meta property=\"article:modified_time\" content=\"2023-04-18T15:43:31+00:00\" \/>\n<meta property=\"og:image\" content=\"https:\/\/donner.ca\/wp-content\/uploads\/Homeslider_25years_1903x700_v5FRE.jpg\" \/>\n<meta name=\"twitter:card\" content=\"summary_large_image\" \/>\n<meta name=\"twitter:label1\" content=\"Dur\u00e9e de lecture estim\u00e9e\" \/>\n\t<meta name=\"twitter:data1\" content=\"2 minutes\" \/>\n<script type=\"application\/ld+json\" class=\"yoast-schema-graph\">{\"@context\":\"https:\\\/\\\/schema.org\",\"@graph\":[{\"@type\":\"WebPage\",\"@id\":\"https:\\\/\\\/donner.ca\\\/fr\\\/news\\\/annonce-du-jury-du-25e-prix-donner\\\/\",\"url\":\"https:\\\/\\\/donner.ca\\\/fr\\\/news\\\/annonce-du-jury-du-25e-prix-donner\\\/\",\"name\":\"Annonce du jury du 25e Prix Donner - Donner Canadian Foundation\",\"isPartOf\":{\"@id\":\"https:\\\/\\\/donner.ca\\\/fr\\\/#website\"},\"primaryImageOfPage\":{\"@id\":\"https:\\\/\\\/donner.ca\\\/fr\\\/news\\\/annonce-du-jury-du-25e-prix-donner\\\/#primaryimage\"},\"image\":{\"@id\":\"https:\\\/\\\/donner.ca\\\/fr\\\/news\\\/annonce-du-jury-du-25e-prix-donner\\\/#primaryimage\"},\"thumbnailUrl\":\"https:\\\/\\\/donner.ca\\\/wp-content\\\/uploads\\\/Homeslider_25years_1903x700_v5FRE.jpg\",\"datePublished\":\"2022-11-14T01:24:32+00:00\",\"dateModified\":\"2023-04-18T15:43:31+00:00\",\"description\":\"Gregory Belton, pr\u00e9sident du conseil d'administration de la Fondation canadienne Donner, a annonc\u00e9 aujourd'hui la composition du jury du 25e Prix Donner annuel.\",\"breadcrumb\":{\"@id\":\"https:\\\/\\\/donner.ca\\\/fr\\\/news\\\/annonce-du-jury-du-25e-prix-donner\\\/#breadcrumb\"},\"inLanguage\":\"fr-FR\",\"potentialAction\":[{\"@type\":\"ReadAction\",\"target\":[\"https:\\\/\\\/donner.ca\\\/fr\\\/news\\\/annonce-du-jury-du-25e-prix-donner\\\/\"]}]},{\"@type\":\"ImageObject\",\"inLanguage\":\"fr-FR\",\"@id\":\"https:\\\/\\\/donner.ca\\\/fr\\\/news\\\/annonce-du-jury-du-25e-prix-donner\\\/#primaryimage\",\"url\":\"https:\\\/\\\/donner.ca\\\/wp-content\\\/uploads\\\/Homeslider_25years_1903x700_v5FRE.jpg\",\"contentUrl\":\"https:\\\/\\\/donner.ca\\\/wp-content\\\/uploads\\\/Homeslider_25years_1903x700_v5FRE.jpg\"},{\"@type\":\"BreadcrumbList\",\"@id\":\"https:\\\/\\\/donner.ca\\\/fr\\\/news\\\/annonce-du-jury-du-25e-prix-donner\\\/#breadcrumb\",\"itemListElement\":[{\"@type\":\"ListItem\",\"position\":1,\"name\":\"Home\",\"item\":\"https:\\\/\\\/donner.ca\\\/fr\\\/\"},{\"@type\":\"ListItem\",\"position\":2,\"name\":\"Annonce du jury du 25e Prix Donner\"}]},{\"@type\":\"WebSite\",\"@id\":\"https:\\\/\\\/donner.ca\\\/fr\\\/#website\",\"url\":\"https:\\\/\\\/donner.ca\\\/fr\\\/\",\"name\":\"Donner Canadian Foundation\",\"description\":\"Philanthropy Rooted in Five Generations\",\"potentialAction\":[{\"@type\":\"SearchAction\",\"target\":{\"@type\":\"EntryPoint\",\"urlTemplate\":\"https:\\\/\\\/donner.ca\\\/fr\\\/?s={search_term_string}\"},\"query-input\":{\"@type\":\"PropertyValueSpecification\",\"valueRequired\":true,\"valueName\":\"search_term_string\"}}],\"inLanguage\":\"fr-FR\"}]}<\/script>\n<!-- \/ Yoast SEO plugin. -->","yoast_head_json":{"title":"Annonce du jury du 25e Prix Donner - Donner Canadian Foundation","description":"Gregory Belton, pr\u00e9sident du conseil d'administration de la Fondation canadienne Donner, a annonc\u00e9 aujourd'hui la composition du jury du 25e Prix Donner annuel.","robots":{"index":"index","follow":"follow","max-snippet":"max-snippet:-1","max-image-preview":"max-image-preview:large","max-video-preview":"max-video-preview:-1"},"canonical":"https:\/\/donner.ca\/fr\/news\/annonce-du-jury-du-25e-prix-donner\/","og_locale":"fr_FR","og_type":"article","og_title":"Annonce du jury du 25e Prix Donner - Donner Canadian Foundation","og_description":"Gregory Belton, pr\u00e9sident du conseil d'administration de la Fondation canadienne Donner, a annonc\u00e9 aujourd'hui la composition du jury du 25e Prix Donner annuel.","og_url":"https:\/\/donner.ca\/fr\/news\/annonce-du-jury-du-25e-prix-donner\/","og_site_name":"Donner Canadian Foundation","article_modified_time":"2023-04-18T15:43:31+00:00","og_image":[{"url":"https:\/\/donner.ca\/wp-content\/uploads\/Homeslider_25years_1903x700_v5FRE.jpg","type":"","width":"","height":""}],"twitter_card":"summary_large_image","twitter_misc":{"Dur\u00e9e de lecture estim\u00e9e":"2 minutes"},"schema":{"@context":"https:\/\/schema.org","@graph":[{"@type":"WebPage","@id":"https:\/\/donner.ca\/fr\/news\/annonce-du-jury-du-25e-prix-donner\/","url":"https:\/\/donner.ca\/fr\/news\/annonce-du-jury-du-25e-prix-donner\/","name":"Annonce du jury du 25e Prix Donner - Donner Canadian Foundation","isPartOf":{"@id":"https:\/\/donner.ca\/fr\/#website"},"primaryImageOfPage":{"@id":"https:\/\/donner.ca\/fr\/news\/annonce-du-jury-du-25e-prix-donner\/#primaryimage"},"image":{"@id":"https:\/\/donner.ca\/fr\/news\/annonce-du-jury-du-25e-prix-donner\/#primaryimage"},"thumbnailUrl":"https:\/\/donner.ca\/wp-content\/uploads\/Homeslider_25years_1903x700_v5FRE.jpg","datePublished":"2022-11-14T01:24:32+00:00","dateModified":"2023-04-18T15:43:31+00:00","description":"Gregory Belton, pr\u00e9sident du conseil d'administration de la Fondation canadienne Donner, a annonc\u00e9 aujourd'hui la composition du jury du 25e Prix Donner annuel.","breadcrumb":{"@id":"https:\/\/donner.ca\/fr\/news\/annonce-du-jury-du-25e-prix-donner\/#breadcrumb"},"inLanguage":"fr-FR","potentialAction":[{"@type":"ReadAction","target":["https:\/\/donner.ca\/fr\/news\/annonce-du-jury-du-25e-prix-donner\/"]}]},{"@type":"ImageObject","inLanguage":"fr-FR","@id":"https:\/\/donner.ca\/fr\/news\/annonce-du-jury-du-25e-prix-donner\/#primaryimage","url":"https:\/\/donner.ca\/wp-content\/uploads\/Homeslider_25years_1903x700_v5FRE.jpg","contentUrl":"https:\/\/donner.ca\/wp-content\/uploads\/Homeslider_25years_1903x700_v5FRE.jpg"},{"@type":"BreadcrumbList","@id":"https:\/\/donner.ca\/fr\/news\/annonce-du-jury-du-25e-prix-donner\/#breadcrumb","itemListElement":[{"@type":"ListItem","position":1,"name":"Home","item":"https:\/\/donner.ca\/fr\/"},{"@type":"ListItem","position":2,"name":"Annonce du jury du 25e Prix Donner"}]},{"@type":"WebSite","@id":"https:\/\/donner.ca\/fr\/#website","url":"https:\/\/donner.ca\/fr\/","name":"Donner Canadian Foundation","description":"Philanthropy Rooted in Five Generations","potentialAction":[{"@type":"SearchAction","target":{"@type":"EntryPoint","urlTemplate":"https:\/\/donner.ca\/fr\/?s={search_term_string}"},"query-input":{"@type":"PropertyValueSpecification","valueRequired":true,"valueName":"search_term_string"}}],"inLanguage":"fr-FR"}]}},"_links":{"self":[{"href":"https:\/\/donner.ca\/fr\/wp-json\/wp\/v2\/news\/1488","targetHints":{"allow":["GET"]}}],"collection":[{"href":"https:\/\/donner.ca\/fr\/wp-json\/wp\/v2\/news"}],"about":[{"href":"https:\/\/donner.ca\/fr\/wp-json\/wp\/v2\/types\/news"}],"wp:attachment":[{"href":"https:\/\/donner.ca\/fr\/wp-json\/wp\/v2\/media?parent=1488"}],"curies":[{"name":"wp","href":"https:\/\/api.w.org\/{rel}","templated":true}]}}