{"id":1557,"date":"2024-04-11T14:46:01","date_gmt":"2024-04-11T14:46:01","guid":{"rendered":"https:\/\/donner.ca\/?post_type=news&#038;p=1557"},"modified":"2024-04-11T15:23:47","modified_gmt":"2024-04-11T15:23:47","slug":"annonce-de-la-liste-des-finalistes-du-prix-donner-2023","status":"publish","type":"news","link":"https:\/\/donner.ca\/fr\/news\/annonce-de-la-liste-des-finalistes-du-prix-donner-2023\/","title":{"rendered":"Annonce de la liste des finalistes du Prix Donner 2023"},"content":{"rendered":"<p><strong>TORONTO, le 11 avril 2024<\/strong>\u00a0\u2014 Gregory Belton, pr\u00e9sident de la Fondation canadienne Donner, a\u00a0annonc\u00e9 aujourd\u2019hui la liste des ouvrages pr\u00e9s\u00e9lectionn\u00e9s en vue du prix Donner 2023, qui r\u00e9compense le meilleur ouvrage concernant les politiques publiques \u00e9crit par un auteur canadien ou une autrice canadienne.<\/p>\n<p>\u00ab\u00a0L\u2019objectif du prix Donner est de mettre en lumi\u00e8re des ouvrages pr\u00e9sentant une perspective r\u00e9fl\u00e9chie sur les questions politiques auxquelles notre soci\u00e9t\u00e9 et nos gouvernements sont confront\u00e9s aujourd\u2019hui, et d\u2019ouvrir le d\u00e9bat sur ces questions parmi les responsables politiques et le grand public.\u00a0\u00bb<\/p>\n<ol>\n<li>Belton poursuit\u00a0: \u00ab\u00a0Les six membres du jury du prix Donner ont examin\u00e9 les th\u00e9matiques de plus de 80\u00a0livres pr\u00e9sent\u00e9s par 32\u00a0maisons d\u2019\u00e9dition, en anglais et en fran\u00e7ais, et ont propos\u00e9 une liste de cinq finalistes repr\u00e9sentant la cr\u00e8me de la cr\u00e8me. Ces ouvrages traitent tous de domaines critiques, et en \u00e9volution rapide, d\u2019int\u00e9r\u00eat pour les responsables politiques et les personnes investies dans la bonne gouvernance aujourd\u2019hui. L\u2019intelligence artificielle dans les salles d\u2019audience, les r\u00e9ponses aux pand\u00e9mies, qui poss\u00e8de l\u2019espace extra-atmosph\u00e9rique, qui a acc\u00e8s \u00e0 nos informations num\u00e9riques et comment les contr\u00f4le, et le bilan honteux du Canada en mati\u00e8re de condamnations injustifi\u00e9es. Ces ouvrages contribuent tous au d\u00e9bat national sur les questions d\u2019actualit\u00e9. Nous remercions les membres du jury d\u2019avoir port\u00e9 ces ouvrages \u00e0 notre attention.\u00a0\u00bb<\/li>\n<\/ol>\n<p>Louise Fr\u00e9chette, pr\u00e9sidente du jury, a d\u00e9clar\u00e9 que \u00ab\u00a0le jury d\u00e9bat et compare des ouvrages qui traitent de sujets d\u2019int\u00e9r\u00eat politique, en fonction de leur capacit\u00e9 \u00e0 exposer les d\u00e9fis et \u00e0 formuler des recommandations politiques concr\u00e8tes, tout en restant accessibles pour les lecteurs et lectrices int\u00e9ress\u00e9s. Les ouvrages pr\u00e9s\u00e9lectionn\u00e9s de cette ann\u00e9e devraient int\u00e9resser aussi bien les responsables politiques que les adeptes de livres.\u00a0\u00bb<\/p>\n<p>Le prestigieux prix Donner, fond\u00e9 en 1998, couronne chaque ann\u00e9e l\u2019excellence et l\u2019innovation dans les ouvrages sur les politiques publiques r\u00e9dig\u00e9s par des auteurs et autrices canadiens. En d\u00e9cernant ce prix, la Fondation canadienne Donner cherche \u00e0 \u00e9largir les d\u00e9bats en mati\u00e8re de politiques et \u00e0 y contribuer de mani\u00e8re originale et significative, en vue de rendre la d\u00e9mocratie canadienne encore plus forte et plus inclusive. L\u2019ann\u00e9e derni\u00e8re, le grand prix, qui f\u00eate d\u00e9sormais sa 26<sup>e<\/sup>\u00a0ann\u00e9e, a \u00e9t\u00e9 port\u00e9 \u00e0 60\u00a0000\u00a0dollars pour l\u2019ouvrage gagnant.<\/p>\n<p>Les finalistes du prix Donner de cette ann\u00e9e ont \u00e9t\u00e9 s\u00e9lectionn\u00e9s parmi les ouvrages publi\u00e9s au cours de l\u2019ann\u00e9e civile\u00a02023. Le laur\u00e9at remportera la somme de 60\u00a0000\u00a0$, tandis que chacun et chacune des quatre autres finalistes se verra attribuer 7\u00a0500\u00a0$.<\/p>\n<p><strong><img decoding=\"async\" class=\"alignnone size-medium wp-image-1560\" style=\"display: block;\" src=\"https:\/\/donner.ca\/wp-content\/uploads\/DonnerShortlist2023_hero_1903x700_fre_v1-800x294.jpg\" alt=\"\" width=\"800\" height=\"294\" srcset=\"https:\/\/donner.ca\/wp-content\/uploads\/DonnerShortlist2023_hero_1903x700_fre_v1-800x294.jpg 800w, https:\/\/donner.ca\/wp-content\/uploads\/DonnerShortlist2023_hero_1903x700_fre_v1-1600x589.jpg 1600w, https:\/\/donner.ca\/wp-content\/uploads\/DonnerShortlist2023_hero_1903x700_fre_v1-768x283.jpg 768w, https:\/\/donner.ca\/wp-content\/uploads\/DonnerShortlist2023_hero_1903x700_fre_v1-1536x565.jpg 1536w, https:\/\/donner.ca\/wp-content\/uploads\/DonnerShortlist2023_hero_1903x700_fre_v1.jpg 1903w\" sizes=\"(max-width: 800px) 100vw, 800px\" \/><\/strong><\/p>\n<p><strong>Les ouvrages en lice pour le prix Donner 2023 sont :<\/strong><\/p>\n<p><strong><em>The Legal Singularity: How Artificial Intelligence Can Make Law Radically Better<\/em><\/strong>, par Abdi Aidid et Benjamin Alarie (Presses de l\u2019Universit\u00e9 de Toronto)<\/p>\n<p><strong><em>Pandemic Panic: How Canadian Government Responses to COVID-19 Changed Civil Liberties Forever<\/em><\/strong>, par Joanna Baron et Christine Van Geyn (Optimum Publishing International)<\/p>\n<p><strong><em>Who Owns Outer Space? International Law, Astrophysics, and the Sustainable Development of Space<\/em><\/strong>, par Michael Byers et Aaron Boley (Cambridge University Press)<\/p>\n<p><strong><em>The Privacy Fallacy: Harm and Power in the Information Economy<\/em><\/strong>, par Ignacio Cofone (Cambridge University Press)<\/p>\n<p><strong><em>Wrongfully Convicted: Guilty Pleas, Imagined Crimes, and What Canada Must Do to Safeguard Justice<\/em><\/strong>, par Kent Roach (Simon &amp; Schuster Canada)<\/p>\n<p>Le prix Donner\u00a02023 sera pr\u00e9sent\u00e9 \u00e0 l\u2019occasion d\u2019un d\u00eener de gala qui aura lieu \u00e0 Toronto le 8\u00a0mai\u00a02024.<\/p>\n<p>Tous les finalistes sont disponibles pour accorder des entrevues.<\/p>\n","protected":false},"featured_media":0,"template":"","class_list":["post-1557","news","type-news","status-publish","hentry"],"acf":[],"yoast_head":"<!-- This site is optimized with the Yoast SEO plugin v27.4 - https:\/\/yoast.com\/product\/yoast-seo-wordpress\/ -->\n<title>Annonce de la liste des finalistes du Prix Donner 2023 - Donner Canadian Foundation<\/title>\n<meta name=\"robots\" content=\"index, follow, max-snippet:-1, max-image-preview:large, max-video-preview:-1\" \/>\n<link rel=\"canonical\" href=\"https:\/\/donner.ca\/fr\/news\/annonce-de-la-liste-des-finalistes-du-prix-donner-2023\/\" \/>\n<meta property=\"og:locale\" content=\"fr_FR\" \/>\n<meta property=\"og:type\" content=\"article\" \/>\n<meta property=\"og:title\" content=\"Annonce de la liste des finalistes du Prix Donner 2023 - Donner Canadian Foundation\" \/>\n<meta property=\"og:description\" content=\"TORONTO, le 11 avril 2024\u00a0\u2014 Gregory Belton, pr\u00e9sident de la Fondation canadienne Donner, a\u00a0annonc\u00e9 aujourd\u2019hui la liste des ouvrages pr\u00e9s\u00e9lectionn\u00e9s en vue du prix Donner 2023, qui r\u00e9compense le meilleur ouvrage concernant les politiques publiques \u00e9crit par un auteur canadien ou une autrice canadienne. \u00ab\u00a0L\u2019objectif du prix Donner est de mettre en lumi\u00e8re des ouvrages&hellip;\" \/>\n<meta property=\"og:url\" content=\"https:\/\/donner.ca\/fr\/news\/annonce-de-la-liste-des-finalistes-du-prix-donner-2023\/\" \/>\n<meta property=\"og:site_name\" content=\"Donner Canadian Foundation\" \/>\n<meta property=\"article:modified_time\" content=\"2024-04-11T15:23:47+00:00\" \/>\n<meta property=\"og:image\" content=\"https:\/\/donner.ca\/wp-content\/uploads\/DonnerShortlist2023_hero_1903x700_fre_v1-800x294.jpg\" \/>\n<meta name=\"twitter:card\" content=\"summary_large_image\" \/>\n<meta name=\"twitter:label1\" content=\"Dur\u00e9e de lecture estim\u00e9e\" \/>\n\t<meta name=\"twitter:data1\" content=\"3 minutes\" \/>\n<script type=\"application\/ld+json\" class=\"yoast-schema-graph\">{\"@context\":\"https:\\\/\\\/schema.org\",\"@graph\":[{\"@type\":\"WebPage\",\"@id\":\"https:\\\/\\\/donner.ca\\\/fr\\\/news\\\/annonce-de-la-liste-des-finalistes-du-prix-donner-2023\\\/\",\"url\":\"https:\\\/\\\/donner.ca\\\/fr\\\/news\\\/annonce-de-la-liste-des-finalistes-du-prix-donner-2023\\\/\",\"name\":\"Annonce de la liste des finalistes du Prix Donner 2023 - Donner Canadian Foundation\",\"isPartOf\":{\"@id\":\"https:\\\/\\\/donner.ca\\\/fr\\\/#website\"},\"primaryImageOfPage\":{\"@id\":\"https:\\\/\\\/donner.ca\\\/fr\\\/news\\\/annonce-de-la-liste-des-finalistes-du-prix-donner-2023\\\/#primaryimage\"},\"image\":{\"@id\":\"https:\\\/\\\/donner.ca\\\/fr\\\/news\\\/annonce-de-la-liste-des-finalistes-du-prix-donner-2023\\\/#primaryimage\"},\"thumbnailUrl\":\"https:\\\/\\\/donner.ca\\\/wp-content\\\/uploads\\\/DonnerShortlist2023_hero_1903x700_fre_v1-800x294.jpg\",\"datePublished\":\"2024-04-11T14:46:01+00:00\",\"dateModified\":\"2024-04-11T15:23:47+00:00\",\"breadcrumb\":{\"@id\":\"https:\\\/\\\/donner.ca\\\/fr\\\/news\\\/annonce-de-la-liste-des-finalistes-du-prix-donner-2023\\\/#breadcrumb\"},\"inLanguage\":\"fr-FR\",\"potentialAction\":[{\"@type\":\"ReadAction\",\"target\":[\"https:\\\/\\\/donner.ca\\\/fr\\\/news\\\/annonce-de-la-liste-des-finalistes-du-prix-donner-2023\\\/\"]}]},{\"@type\":\"ImageObject\",\"inLanguage\":\"fr-FR\",\"@id\":\"https:\\\/\\\/donner.ca\\\/fr\\\/news\\\/annonce-de-la-liste-des-finalistes-du-prix-donner-2023\\\/#primaryimage\",\"url\":\"https:\\\/\\\/donner.ca\\\/wp-content\\\/uploads\\\/DonnerShortlist2023_hero_1903x700_fre_v1-800x294.jpg\",\"contentUrl\":\"https:\\\/\\\/donner.ca\\\/wp-content\\\/uploads\\\/DonnerShortlist2023_hero_1903x700_fre_v1-800x294.jpg\"},{\"@type\":\"BreadcrumbList\",\"@id\":\"https:\\\/\\\/donner.ca\\\/fr\\\/news\\\/annonce-de-la-liste-des-finalistes-du-prix-donner-2023\\\/#breadcrumb\",\"itemListElement\":[{\"@type\":\"ListItem\",\"position\":1,\"name\":\"Home\",\"item\":\"https:\\\/\\\/donner.ca\\\/fr\\\/\"},{\"@type\":\"ListItem\",\"position\":2,\"name\":\"Annonce de la liste des finalistes du Prix Donner 2023\"}]},{\"@type\":\"WebSite\",\"@id\":\"https:\\\/\\\/donner.ca\\\/fr\\\/#website\",\"url\":\"https:\\\/\\\/donner.ca\\\/fr\\\/\",\"name\":\"Donner Canadian Foundation\",\"description\":\"Philanthropy Rooted in Five Generations\",\"potentialAction\":[{\"@type\":\"SearchAction\",\"target\":{\"@type\":\"EntryPoint\",\"urlTemplate\":\"https:\\\/\\\/donner.ca\\\/fr\\\/?s={search_term_string}\"},\"query-input\":{\"@type\":\"PropertyValueSpecification\",\"valueRequired\":true,\"valueName\":\"search_term_string\"}}],\"inLanguage\":\"fr-FR\"}]}<\/script>\n<!-- \/ Yoast SEO plugin. -->","yoast_head_json":{"title":"Annonce de la liste des finalistes du Prix Donner 2023 - Donner Canadian Foundation","robots":{"index":"index","follow":"follow","max-snippet":"max-snippet:-1","max-image-preview":"max-image-preview:large","max-video-preview":"max-video-preview:-1"},"canonical":"https:\/\/donner.ca\/fr\/news\/annonce-de-la-liste-des-finalistes-du-prix-donner-2023\/","og_locale":"fr_FR","og_type":"article","og_title":"Annonce de la liste des finalistes du Prix Donner 2023 - Donner Canadian Foundation","og_description":"TORONTO, le 11 avril 2024\u00a0\u2014 Gregory Belton, pr\u00e9sident de la Fondation canadienne Donner, a\u00a0annonc\u00e9 aujourd\u2019hui la liste des ouvrages pr\u00e9s\u00e9lectionn\u00e9s en vue du prix Donner 2023, qui r\u00e9compense le meilleur ouvrage concernant les politiques publiques \u00e9crit par un auteur canadien ou une autrice canadienne. \u00ab\u00a0L\u2019objectif du prix Donner est de mettre en lumi\u00e8re des ouvrages&hellip;","og_url":"https:\/\/donner.ca\/fr\/news\/annonce-de-la-liste-des-finalistes-du-prix-donner-2023\/","og_site_name":"Donner Canadian Foundation","article_modified_time":"2024-04-11T15:23:47+00:00","og_image":[{"url":"https:\/\/donner.ca\/wp-content\/uploads\/DonnerShortlist2023_hero_1903x700_fre_v1-800x294.jpg","type":"","width":"","height":""}],"twitter_card":"summary_large_image","twitter_misc":{"Dur\u00e9e de lecture estim\u00e9e":"3 minutes"},"schema":{"@context":"https:\/\/schema.org","@graph":[{"@type":"WebPage","@id":"https:\/\/donner.ca\/fr\/news\/annonce-de-la-liste-des-finalistes-du-prix-donner-2023\/","url":"https:\/\/donner.ca\/fr\/news\/annonce-de-la-liste-des-finalistes-du-prix-donner-2023\/","name":"Annonce de la liste des finalistes du Prix Donner 2023 - Donner Canadian Foundation","isPartOf":{"@id":"https:\/\/donner.ca\/fr\/#website"},"primaryImageOfPage":{"@id":"https:\/\/donner.ca\/fr\/news\/annonce-de-la-liste-des-finalistes-du-prix-donner-2023\/#primaryimage"},"image":{"@id":"https:\/\/donner.ca\/fr\/news\/annonce-de-la-liste-des-finalistes-du-prix-donner-2023\/#primaryimage"},"thumbnailUrl":"https:\/\/donner.ca\/wp-content\/uploads\/DonnerShortlist2023_hero_1903x700_fre_v1-800x294.jpg","datePublished":"2024-04-11T14:46:01+00:00","dateModified":"2024-04-11T15:23:47+00:00","breadcrumb":{"@id":"https:\/\/donner.ca\/fr\/news\/annonce-de-la-liste-des-finalistes-du-prix-donner-2023\/#breadcrumb"},"inLanguage":"fr-FR","potentialAction":[{"@type":"ReadAction","target":["https:\/\/donner.ca\/fr\/news\/annonce-de-la-liste-des-finalistes-du-prix-donner-2023\/"]}]},{"@type":"ImageObject","inLanguage":"fr-FR","@id":"https:\/\/donner.ca\/fr\/news\/annonce-de-la-liste-des-finalistes-du-prix-donner-2023\/#primaryimage","url":"https:\/\/donner.ca\/wp-content\/uploads\/DonnerShortlist2023_hero_1903x700_fre_v1-800x294.jpg","contentUrl":"https:\/\/donner.ca\/wp-content\/uploads\/DonnerShortlist2023_hero_1903x700_fre_v1-800x294.jpg"},{"@type":"BreadcrumbList","@id":"https:\/\/donner.ca\/fr\/news\/annonce-de-la-liste-des-finalistes-du-prix-donner-2023\/#breadcrumb","itemListElement":[{"@type":"ListItem","position":1,"name":"Home","item":"https:\/\/donner.ca\/fr\/"},{"@type":"ListItem","position":2,"name":"Annonce de la liste des finalistes du Prix Donner 2023"}]},{"@type":"WebSite","@id":"https:\/\/donner.ca\/fr\/#website","url":"https:\/\/donner.ca\/fr\/","name":"Donner Canadian Foundation","description":"Philanthropy Rooted in Five Generations","potentialAction":[{"@type":"SearchAction","target":{"@type":"EntryPoint","urlTemplate":"https:\/\/donner.ca\/fr\/?s={search_term_string}"},"query-input":{"@type":"PropertyValueSpecification","valueRequired":true,"valueName":"search_term_string"}}],"inLanguage":"fr-FR"}]}},"_links":{"self":[{"href":"https:\/\/donner.ca\/fr\/wp-json\/wp\/v2\/news\/1557","targetHints":{"allow":["GET"]}}],"collection":[{"href":"https:\/\/donner.ca\/fr\/wp-json\/wp\/v2\/news"}],"about":[{"href":"https:\/\/donner.ca\/fr\/wp-json\/wp\/v2\/types\/news"}],"wp:attachment":[{"href":"https:\/\/donner.ca\/fr\/wp-json\/wp\/v2\/media?parent=1557"}],"curies":[{"name":"wp","href":"https:\/\/api.w.org\/{rel}","templated":true}]}}